


{"id":25280,"date":"2024-06-12T10:25:17","date_gmt":"2024-06-12T08:25:17","guid":{"rendered":"https:\/\/www.aspiravi.com\/?p=25280"},"modified":"2024-06-12T10:36:00","modified_gmt":"2024-06-12T08:36:00","slug":"300-eleves-participent-a-une-journee-dinformation-sur-lenergie-eolienne-a-oostkamp","status":"publish","type":"post","link":"https:\/\/www.aspiravi.com\/fr\/300-eleves-participent-a-une-journee-dinformation-sur-lenergie-eolienne-a-oostkamp\/","title":{"rendered":"300 \u00e9l\u00e8ves participent \u00e0 une journ\u00e9e d&#8217;information sur l&#8217;\u00e9nergie \u00e9olienne \u00e0 Oostkamp"},"content":{"rendered":"","protected":false},"excerpt":{"rendered":"<p>Le long de l&#8217;E40 et \u00e0 proximit\u00e9 de l&#8217;\u00e9changeur entre l&#8217;E40 et l&#8217;E403, sur le territoire d&#8217;Oostkamp, Aspiravi a r\u00e9cemment construit 4 nouvelles \u00e9oliennes. Le mardi 11 juin, l&#8217;entreprise a donc invit\u00e9 les 10\/12 ans des \u00e9coles primaires d&#8217;Oostkamp, Loppem, Veldegem, Ruddervoorde et Zedelgem \u00e0 une journ\u00e9e d&#8217;exp\u00e9rience sur l&#8217;\u00e9nergie \u00e9olienne.<\/p>\n","protected":false},"author":4,"featured_media":25271,"comment_status":"closed","ping_status":"closed","sticky":true,"template":"","format":"standard","meta":{"_acf_changed":false},"class_list":["post-25280","post","type-post","status-publish","format-standard","has-post-thumbnail","hentry","newstype-communiques-de-presse","markets-belgique","solutions-eolien","solutions-onshore"],"acf":[],"yoast_head":"<!-- This site is optimized with the Yoast SEO plugin v27.3 - https:\/\/yoast.com\/product\/yoast-seo-wordpress\/ -->\n<title>300 \u00e9l\u00e8ves participent \u00e0 une journ\u00e9e d&#039;information sur l&#039;\u00e9nergie \u00e9olienne \u00e0 Oostkamp | Aspiravi<\/title>\n<meta name=\"description\" content=\"Les jeunes de 12 ans apprennent tout sur l&#039;\u00e9nergie \u00e9olienne et grimpent virtuellement dans une \u00e9olienne lors d&#039;Aspiravi on the Road.\" \/>\n<meta name=\"robots\" content=\"index, follow, max-snippet:-1, max-image-preview:large, max-video-preview:-1\" \/>\n<link rel=\"canonical\" href=\"https:\/\/www.aspiravi.com\/fr\/300-eleves-participent-a-une-journee-dinformation-sur-lenergie-eolienne-a-oostkamp\/\" \/>\n<meta property=\"og:locale\" content=\"fr_FR\" \/>\n<meta property=\"og:type\" content=\"article\" \/>\n<meta property=\"og:title\" content=\"300 \u00e9l\u00e8ves participent \u00e0 une journ\u00e9e d&#039;information sur l&#039;\u00e9nergie \u00e9olienne \u00e0 Oostkamp | Aspiravi\" \/>\n<meta property=\"og:description\" content=\"Les jeunes de 12 ans apprennent tout sur l&#039;\u00e9nergie \u00e9olienne et grimpent virtuellement dans une \u00e9olienne lors d&#039;Aspiravi on the Road.\" \/>\n<meta property=\"og:url\" content=\"https:\/\/www.aspiravi.com\/fr\/300-eleves-participent-a-une-journee-dinformation-sur-lenergie-eolienne-a-oostkamp\/\" \/>\n<meta property=\"og:site_name\" content=\"Aspiravi\" \/>\n<meta property=\"article:published_time\" content=\"2024-06-12T08:25:17+00:00\" \/>\n<meta property=\"article:modified_time\" content=\"2024-06-12T08:36:00+00:00\" \/>\n<meta property=\"og:image\" content=\"https:\/\/www.aspiravi.com\/wp-content\/uploads\/2024\/06\/ASPIRAVI-OOSTKAMP_PERS_20240611_001.jpg\" \/>\n\t<meta property=\"og:image:width\" content=\"2000\" \/>\n\t<meta property=\"og:image:height\" content=\"1500\" \/>\n\t<meta property=\"og:image:type\" content=\"image\/jpeg\" \/>\n<meta name=\"author\" content=\"Pieter Vanderhaeghe\" \/>\n<meta name=\"twitter:card\" content=\"summary_large_image\" \/>\n<meta name=\"twitter:label1\" content=\"Written by\" \/>\n\t<meta name=\"twitter:data1\" content=\"Pieter Vanderhaeghe\" \/>\n\t<meta name=\"twitter:label2\" content=\"Est. reading time\" \/>\n\t<meta name=\"twitter:data2\" content=\"2 minutes\" \/>\n<script type=\"application\/ld+json\" class=\"yoast-schema-graph\">{\"@context\":\"https:\\\/\\\/schema.org\",\"@graph\":[{\"@type\":\"WebPage\",\"@id\":\"https:\\\/\\\/www.aspiravi.com\\\/fr\\\/300-eleves-participent-a-une-journee-dinformation-sur-lenergie-eolienne-a-oostkamp\\\/\",\"url\":\"https:\\\/\\\/www.aspiravi.com\\\/fr\\\/300-eleves-participent-a-une-journee-dinformation-sur-lenergie-eolienne-a-oostkamp\\\/\",\"name\":\"300 \u00e9l\u00e8ves participent \u00e0 une journ\u00e9e d'information sur l'\u00e9nergie \u00e9olienne \u00e0 Oostkamp | Aspiravi\",\"isPartOf\":{\"@id\":\"https:\\\/\\\/www.aspiravi.com\\\/fr\\\/#website\"},\"primaryImageOfPage\":{\"@id\":\"https:\\\/\\\/www.aspiravi.com\\\/fr\\\/300-eleves-participent-a-une-journee-dinformation-sur-lenergie-eolienne-a-oostkamp\\\/#primaryimage\"},\"image\":{\"@id\":\"https:\\\/\\\/www.aspiravi.com\\\/fr\\\/300-eleves-participent-a-une-journee-dinformation-sur-lenergie-eolienne-a-oostkamp\\\/#primaryimage\"},\"thumbnailUrl\":\"https:\\\/\\\/www.aspiravi.com\\\/wp-content\\\/uploads\\\/2024\\\/06\\\/ASPIRAVI-OOSTKAMP_PERS_20240611_001.jpg\",\"datePublished\":\"2024-06-12T08:25:17+00:00\",\"dateModified\":\"2024-06-12T08:36:00+00:00\",\"description\":\"Les jeunes de 12 ans apprennent tout sur l'\u00e9nergie \u00e9olienne et grimpent virtuellement dans une \u00e9olienne lors d'Aspiravi on the Road.\",\"breadcrumb\":{\"@id\":\"https:\\\/\\\/www.aspiravi.com\\\/fr\\\/300-eleves-participent-a-une-journee-dinformation-sur-lenergie-eolienne-a-oostkamp\\\/#breadcrumb\"},\"inLanguage\":\"fr-FR\",\"potentialAction\":[{\"@type\":\"ReadAction\",\"target\":[\"https:\\\/\\\/www.aspiravi.com\\\/fr\\\/300-eleves-participent-a-une-journee-dinformation-sur-lenergie-eolienne-a-oostkamp\\\/\"]}]},{\"@type\":\"ImageObject\",\"inLanguage\":\"fr-FR\",\"@id\":\"https:\\\/\\\/www.aspiravi.com\\\/fr\\\/300-eleves-participent-a-une-journee-dinformation-sur-lenergie-eolienne-a-oostkamp\\\/#primaryimage\",\"url\":\"https:\\\/\\\/www.aspiravi.com\\\/wp-content\\\/uploads\\\/2024\\\/06\\\/ASPIRAVI-OOSTKAMP_PERS_20240611_001.jpg\",\"contentUrl\":\"https:\\\/\\\/www.aspiravi.com\\\/wp-content\\\/uploads\\\/2024\\\/06\\\/ASPIRAVI-OOSTKAMP_PERS_20240611_001.jpg\",\"width\":2000,\"height\":1500,\"caption\":\"Aspiravi on the Road Oostkamp\"},{\"@type\":\"BreadcrumbList\",\"@id\":\"https:\\\/\\\/www.aspiravi.com\\\/fr\\\/300-eleves-participent-a-une-journee-dinformation-sur-lenergie-eolienne-a-oostkamp\\\/#breadcrumb\",\"itemListElement\":[{\"@type\":\"ListItem\",\"position\":1,\"name\":\"Home\",\"item\":\"https:\\\/\\\/www.aspiravi.com\\\/fr\\\/\"},{\"@type\":\"ListItem\",\"position\":2,\"name\":\"300 \u00e9l\u00e8ves participent \u00e0 une journ\u00e9e d&#8217;information sur l&#8217;\u00e9nergie \u00e9olienne \u00e0 Oostkamp\"}]},{\"@type\":\"WebSite\",\"@id\":\"https:\\\/\\\/www.aspiravi.com\\\/fr\\\/#website\",\"url\":\"https:\\\/\\\/www.aspiravi.com\\\/fr\\\/\",\"name\":\"Aspiravi\",\"description\":\"Jouw partner in 100% hernieuwbare energie\",\"publisher\":{\"@id\":\"https:\\\/\\\/www.aspiravi.com\\\/fr\\\/#organization\"},\"potentialAction\":[{\"@type\":\"SearchAction\",\"target\":{\"@type\":\"EntryPoint\",\"urlTemplate\":\"https:\\\/\\\/www.aspiravi.com\\\/fr\\\/?s={search_term_string}\"},\"query-input\":{\"@type\":\"PropertyValueSpecification\",\"valueRequired\":true,\"valueName\":\"search_term_string\"}}],\"inLanguage\":\"fr-FR\"},{\"@type\":\"Organization\",\"@id\":\"https:\\\/\\\/www.aspiravi.com\\\/fr\\\/#organization\",\"name\":\"Aspiravi\",\"url\":\"https:\\\/\\\/www.aspiravi.com\\\/fr\\\/\",\"logo\":{\"@type\":\"ImageObject\",\"inLanguage\":\"fr-FR\",\"@id\":\"https:\\\/\\\/www.aspiravi.com\\\/fr\\\/#\\\/schema\\\/logo\\\/image\\\/\",\"url\":\"https:\\\/\\\/www.aspiravi.com\\\/wp-content\\\/uploads\\\/2023\\\/08\\\/logo-aspiravi.svg\",\"contentUrl\":\"https:\\\/\\\/www.aspiravi.com\\\/wp-content\\\/uploads\\\/2023\\\/08\\\/logo-aspiravi.svg\",\"width\":1,\"height\":1,\"caption\":\"Aspiravi\"},\"image\":{\"@id\":\"https:\\\/\\\/www.aspiravi.com\\\/fr\\\/#\\\/schema\\\/logo\\\/image\\\/\"},\"sameAs\":[\"https:\\\/\\\/www.linkedin.com\\\/company\\\/aspiravi\\\/\",\"https:\\\/\\\/www.instagram.com\\\/aspiravi.be\\\/\"]}]}<\/script>\n<!-- \/ Yoast SEO plugin. -->","yoast_head_json":{"title":"300 \u00e9l\u00e8ves participent \u00e0 une journ\u00e9e d'information sur l'\u00e9nergie \u00e9olienne \u00e0 Oostkamp | Aspiravi","description":"Les jeunes de 12 ans apprennent tout sur l'\u00e9nergie \u00e9olienne et grimpent virtuellement dans une \u00e9olienne lors d'Aspiravi on the Road.","robots":{"index":"index","follow":"follow","max-snippet":"max-snippet:-1","max-image-preview":"max-image-preview:large","max-video-preview":"max-video-preview:-1"},"canonical":"https:\/\/www.aspiravi.com\/fr\/300-eleves-participent-a-une-journee-dinformation-sur-lenergie-eolienne-a-oostkamp\/","og_locale":"fr_FR","og_type":"article","og_title":"300 \u00e9l\u00e8ves participent \u00e0 une journ\u00e9e d'information sur l'\u00e9nergie \u00e9olienne \u00e0 Oostkamp | Aspiravi","og_description":"Les jeunes de 12 ans apprennent tout sur l'\u00e9nergie \u00e9olienne et grimpent virtuellement dans une \u00e9olienne lors d'Aspiravi on the Road.","og_url":"https:\/\/www.aspiravi.com\/fr\/300-eleves-participent-a-une-journee-dinformation-sur-lenergie-eolienne-a-oostkamp\/","og_site_name":"Aspiravi","article_published_time":"2024-06-12T08:25:17+00:00","article_modified_time":"2024-06-12T08:36:00+00:00","og_image":[{"width":2000,"height":1500,"url":"https:\/\/www.aspiravi.com\/wp-content\/uploads\/2024\/06\/ASPIRAVI-OOSTKAMP_PERS_20240611_001.jpg","type":"image\/jpeg"}],"author":"Pieter Vanderhaeghe","twitter_card":"summary_large_image","twitter_misc":{"Written by":"Pieter Vanderhaeghe","Est. reading time":"2 minutes"},"schema":{"@context":"https:\/\/schema.org","@graph":[{"@type":"WebPage","@id":"https:\/\/www.aspiravi.com\/fr\/300-eleves-participent-a-une-journee-dinformation-sur-lenergie-eolienne-a-oostkamp\/","url":"https:\/\/www.aspiravi.com\/fr\/300-eleves-participent-a-une-journee-dinformation-sur-lenergie-eolienne-a-oostkamp\/","name":"300 \u00e9l\u00e8ves participent \u00e0 une journ\u00e9e d'information sur l'\u00e9nergie \u00e9olienne \u00e0 Oostkamp | Aspiravi","isPartOf":{"@id":"https:\/\/www.aspiravi.com\/fr\/#website"},"primaryImageOfPage":{"@id":"https:\/\/www.aspiravi.com\/fr\/300-eleves-participent-a-une-journee-dinformation-sur-lenergie-eolienne-a-oostkamp\/#primaryimage"},"image":{"@id":"https:\/\/www.aspiravi.com\/fr\/300-eleves-participent-a-une-journee-dinformation-sur-lenergie-eolienne-a-oostkamp\/#primaryimage"},"thumbnailUrl":"https:\/\/www.aspiravi.com\/wp-content\/uploads\/2024\/06\/ASPIRAVI-OOSTKAMP_PERS_20240611_001.jpg","datePublished":"2024-06-12T08:25:17+00:00","dateModified":"2024-06-12T08:36:00+00:00","description":"Les jeunes de 12 ans apprennent tout sur l'\u00e9nergie \u00e9olienne et grimpent virtuellement dans une \u00e9olienne lors d'Aspiravi on the Road.","breadcrumb":{"@id":"https:\/\/www.aspiravi.com\/fr\/300-eleves-participent-a-une-journee-dinformation-sur-lenergie-eolienne-a-oostkamp\/#breadcrumb"},"inLanguage":"fr-FR","potentialAction":[{"@type":"ReadAction","target":["https:\/\/www.aspiravi.com\/fr\/300-eleves-participent-a-une-journee-dinformation-sur-lenergie-eolienne-a-oostkamp\/"]}]},{"@type":"ImageObject","inLanguage":"fr-FR","@id":"https:\/\/www.aspiravi.com\/fr\/300-eleves-participent-a-une-journee-dinformation-sur-lenergie-eolienne-a-oostkamp\/#primaryimage","url":"https:\/\/www.aspiravi.com\/wp-content\/uploads\/2024\/06\/ASPIRAVI-OOSTKAMP_PERS_20240611_001.jpg","contentUrl":"https:\/\/www.aspiravi.com\/wp-content\/uploads\/2024\/06\/ASPIRAVI-OOSTKAMP_PERS_20240611_001.jpg","width":2000,"height":1500,"caption":"Aspiravi on the Road Oostkamp"},{"@type":"BreadcrumbList","@id":"https:\/\/www.aspiravi.com\/fr\/300-eleves-participent-a-une-journee-dinformation-sur-lenergie-eolienne-a-oostkamp\/#breadcrumb","itemListElement":[{"@type":"ListItem","position":1,"name":"Home","item":"https:\/\/www.aspiravi.com\/fr\/"},{"@type":"ListItem","position":2,"name":"300 \u00e9l\u00e8ves participent \u00e0 une journ\u00e9e d&#8217;information sur l&#8217;\u00e9nergie \u00e9olienne \u00e0 Oostkamp"}]},{"@type":"WebSite","@id":"https:\/\/www.aspiravi.com\/fr\/#website","url":"https:\/\/www.aspiravi.com\/fr\/","name":"Aspiravi","description":"Jouw partner in 100% hernieuwbare energie","publisher":{"@id":"https:\/\/www.aspiravi.com\/fr\/#organization"},"potentialAction":[{"@type":"SearchAction","target":{"@type":"EntryPoint","urlTemplate":"https:\/\/www.aspiravi.com\/fr\/?s={search_term_string}"},"query-input":{"@type":"PropertyValueSpecification","valueRequired":true,"valueName":"search_term_string"}}],"inLanguage":"fr-FR"},{"@type":"Organization","@id":"https:\/\/www.aspiravi.com\/fr\/#organization","name":"Aspiravi","url":"https:\/\/www.aspiravi.com\/fr\/","logo":{"@type":"ImageObject","inLanguage":"fr-FR","@id":"https:\/\/www.aspiravi.com\/fr\/#\/schema\/logo\/image\/","url":"https:\/\/www.aspiravi.com\/wp-content\/uploads\/2023\/08\/logo-aspiravi.svg","contentUrl":"https:\/\/www.aspiravi.com\/wp-content\/uploads\/2023\/08\/logo-aspiravi.svg","width":1,"height":1,"caption":"Aspiravi"},"image":{"@id":"https:\/\/www.aspiravi.com\/fr\/#\/schema\/logo\/image\/"},"sameAs":["https:\/\/www.linkedin.com\/company\/aspiravi\/","https:\/\/www.instagram.com\/aspiravi.be\/"]}]}},"_links":{"self":[{"href":"https:\/\/www.aspiravi.com\/fr\/wp-json\/wp\/v2\/posts\/25280","targetHints":{"allow":["GET"]}}],"collection":[{"href":"https:\/\/www.aspiravi.com\/fr\/wp-json\/wp\/v2\/posts"}],"about":[{"href":"https:\/\/www.aspiravi.com\/fr\/wp-json\/wp\/v2\/types\/post"}],"author":[{"embeddable":true,"href":"https:\/\/www.aspiravi.com\/fr\/wp-json\/wp\/v2\/users\/4"}],"replies":[{"embeddable":true,"href":"https:\/\/www.aspiravi.com\/fr\/wp-json\/wp\/v2\/comments?post=25280"}],"version-history":[{"count":0,"href":"https:\/\/www.aspiravi.com\/fr\/wp-json\/wp\/v2\/posts\/25280\/revisions"}],"wp:featuredmedia":[{"embeddable":true,"href":"https:\/\/www.aspiravi.com\/fr\/wp-json\/wp\/v2\/media\/25271"}],"wp:attachment":[{"href":"https:\/\/www.aspiravi.com\/fr\/wp-json\/wp\/v2\/media?parent=25280"}],"curies":[{"name":"wp","href":"https:\/\/api.w.org\/{rel}","templated":true}]}}