


{"id":24192,"date":"2024-04-05T16:25:14","date_gmt":"2024-04-05T14:25:14","guid":{"rendered":"https:\/\/www.aspiravi.com\/?p=24192"},"modified":"2024-04-11T09:55:08","modified_gmt":"2024-04-11T07:55:08","slug":"ondernemers-voka-west-vlaanderen-aspiravi-continue-detre-un-pionnier","status":"publish","type":"post","link":"https:\/\/www.aspiravi.com\/fr\/ondernemers-voka-west-vlaanderen-aspiravi-continue-detre-un-pionnier\/","title":{"rendered":"Ondernemers Voka West-Vlaanderen: &#8220;Aspiravi continue d&#8217;\u00eatre un pionnier&#8221;"},"content":{"rendered":"","protected":false},"excerpt":{"rendered":"<p>\u00ab Aspiravi continue d&#8217;\u00eatre un pionnier \u00bb. Ce titre r\u00e9v\u00e9lateur \u00e9tait celui de l&#8217;article de couverture publi\u00e9 la semaine derni\u00e8re dans Ondernemers (Entrepreneurs), le magazine de Voka Flandre occidentale. Dans une interview d\u00e9taill\u00e9e, Rik Van de Walle &#8211; CEO Aspiravi Holding &#8211; fournit un aper\u00e7u de l&#8217;avenir du Groupe Aspiravi et des nombreuses opportunit\u00e9s et d\u00e9fis \u00e0 venir.<\/p>\n","protected":false},"author":4,"featured_media":24131,"comment_status":"closed","ping_status":"closed","sticky":true,"template":"","format":"standard","meta":{"_acf_changed":false},"class_list":["post-24192","post","type-post","status-publish","format-standard","has-post-thumbnail","hentry","newstype-aspiravi-dans-la-presse","markets-belgique","markets-curacao-fr","markets-france-fr","markets-ecosse","markets-espagne","solutions-eolien","solutions-agrivoltaique","solutions-biomasse","solutions-offshore-wind","solutions-onshore","solutions-solaire","solutions-stockage-d-energie"],"acf":[],"yoast_head":"<!-- This site is optimized with the Yoast SEO plugin v27.3 - https:\/\/yoast.com\/product\/yoast-seo-wordpress\/ -->\n<title>Ondernemers Voka West-Vlaanderen: &quot;Aspiravi continue d&#039;\u00eatre un pionnier&quot; | Aspiravi<\/title>\n<meta name=\"description\" content=\"Dans une longue interview, Rik Van de Walle - CEO Aspiravi Holding - donne un aper\u00e7u de l&#039;avenir du Groupe Aspiravi.\" \/>\n<meta name=\"robots\" content=\"index, follow, max-snippet:-1, max-image-preview:large, max-video-preview:-1\" \/>\n<link rel=\"canonical\" href=\"https:\/\/www.aspiravi.com\/fr\/ondernemers-voka-west-vlaanderen-aspiravi-continue-detre-un-pionnier\/\" \/>\n<meta property=\"og:locale\" content=\"fr_FR\" \/>\n<meta property=\"og:type\" content=\"article\" \/>\n<meta property=\"og:title\" content=\"Ondernemers Voka West-Vlaanderen: &quot;Aspiravi continue d&#039;\u00eatre un pionnier&quot; | Aspiravi\" \/>\n<meta property=\"og:description\" content=\"Dans une longue interview, Rik Van de Walle - CEO Aspiravi Holding - donne un aper\u00e7u de l&#039;avenir du Groupe Aspiravi.\" \/>\n<meta property=\"og:url\" content=\"https:\/\/www.aspiravi.com\/fr\/ondernemers-voka-west-vlaanderen-aspiravi-continue-detre-un-pionnier\/\" \/>\n<meta property=\"og:site_name\" content=\"Aspiravi\" \/>\n<meta property=\"article:published_time\" content=\"2024-04-05T14:25:14+00:00\" \/>\n<meta property=\"article:modified_time\" content=\"2024-04-11T07:55:08+00:00\" \/>\n<meta property=\"og:image\" content=\"https:\/\/www.aspiravi.com\/wp-content\/uploads\/2024\/04\/Aspiravi-018.jpg\" \/>\n\t<meta property=\"og:image:width\" content=\"1658\" \/>\n\t<meta property=\"og:image:height\" content=\"1105\" \/>\n\t<meta property=\"og:image:type\" content=\"image\/jpeg\" \/>\n<meta name=\"author\" content=\"Pieter Vanderhaeghe\" \/>\n<meta name=\"twitter:card\" content=\"summary_large_image\" \/>\n<meta name=\"twitter:label1\" content=\"Written by\" \/>\n\t<meta name=\"twitter:data1\" content=\"Pieter Vanderhaeghe\" \/>\n\t<meta name=\"twitter:label2\" content=\"Est. reading time\" \/>\n\t<meta name=\"twitter:data2\" content=\"10 minutes\" \/>\n<script type=\"application\/ld+json\" class=\"yoast-schema-graph\">{\"@context\":\"https:\\\/\\\/schema.org\",\"@graph\":[{\"@type\":\"WebPage\",\"@id\":\"https:\\\/\\\/www.aspiravi.com\\\/fr\\\/ondernemers-voka-west-vlaanderen-aspiravi-continue-detre-un-pionnier\\\/\",\"url\":\"https:\\\/\\\/www.aspiravi.com\\\/fr\\\/ondernemers-voka-west-vlaanderen-aspiravi-continue-detre-un-pionnier\\\/\",\"name\":\"Ondernemers Voka West-Vlaanderen: \\\"Aspiravi continue d'\u00eatre un pionnier\\\" | Aspiravi\",\"isPartOf\":{\"@id\":\"https:\\\/\\\/www.aspiravi.com\\\/fr\\\/#website\"},\"primaryImageOfPage\":{\"@id\":\"https:\\\/\\\/www.aspiravi.com\\\/fr\\\/ondernemers-voka-west-vlaanderen-aspiravi-continue-detre-un-pionnier\\\/#primaryimage\"},\"image\":{\"@id\":\"https:\\\/\\\/www.aspiravi.com\\\/fr\\\/ondernemers-voka-west-vlaanderen-aspiravi-continue-detre-un-pionnier\\\/#primaryimage\"},\"thumbnailUrl\":\"https:\\\/\\\/www.aspiravi.com\\\/wp-content\\\/uploads\\\/2024\\\/04\\\/Aspiravi-018.jpg\",\"datePublished\":\"2024-04-05T14:25:14+00:00\",\"dateModified\":\"2024-04-11T07:55:08+00:00\",\"description\":\"Dans une longue interview, Rik Van de Walle - CEO Aspiravi Holding - donne un aper\u00e7u de l'avenir du Groupe Aspiravi.\",\"breadcrumb\":{\"@id\":\"https:\\\/\\\/www.aspiravi.com\\\/fr\\\/ondernemers-voka-west-vlaanderen-aspiravi-continue-detre-un-pionnier\\\/#breadcrumb\"},\"inLanguage\":\"fr-FR\",\"potentialAction\":[{\"@type\":\"ReadAction\",\"target\":[\"https:\\\/\\\/www.aspiravi.com\\\/fr\\\/ondernemers-voka-west-vlaanderen-aspiravi-continue-detre-un-pionnier\\\/\"]}]},{\"@type\":\"ImageObject\",\"inLanguage\":\"fr-FR\",\"@id\":\"https:\\\/\\\/www.aspiravi.com\\\/fr\\\/ondernemers-voka-west-vlaanderen-aspiravi-continue-detre-un-pionnier\\\/#primaryimage\",\"url\":\"https:\\\/\\\/www.aspiravi.com\\\/wp-content\\\/uploads\\\/2024\\\/04\\\/Aspiravi-018.jpg\",\"contentUrl\":\"https:\\\/\\\/www.aspiravi.com\\\/wp-content\\\/uploads\\\/2024\\\/04\\\/Aspiravi-018.jpg\",\"width\":1658,\"height\":1105,\"caption\":\"Rik Van de Walle - Ondernemers Voka West-Vlaanderen\"},{\"@type\":\"BreadcrumbList\",\"@id\":\"https:\\\/\\\/www.aspiravi.com\\\/fr\\\/ondernemers-voka-west-vlaanderen-aspiravi-continue-detre-un-pionnier\\\/#breadcrumb\",\"itemListElement\":[{\"@type\":\"ListItem\",\"position\":1,\"name\":\"Home\",\"item\":\"https:\\\/\\\/www.aspiravi.com\\\/fr\\\/\"},{\"@type\":\"ListItem\",\"position\":2,\"name\":\"Ondernemers Voka West-Vlaanderen: &#8220;Aspiravi continue d&#8217;\u00eatre un pionnier&#8221;\"}]},{\"@type\":\"WebSite\",\"@id\":\"https:\\\/\\\/www.aspiravi.com\\\/fr\\\/#website\",\"url\":\"https:\\\/\\\/www.aspiravi.com\\\/fr\\\/\",\"name\":\"Aspiravi\",\"description\":\"Jouw partner in 100% hernieuwbare energie\",\"publisher\":{\"@id\":\"https:\\\/\\\/www.aspiravi.com\\\/fr\\\/#organization\"},\"potentialAction\":[{\"@type\":\"SearchAction\",\"target\":{\"@type\":\"EntryPoint\",\"urlTemplate\":\"https:\\\/\\\/www.aspiravi.com\\\/fr\\\/?s={search_term_string}\"},\"query-input\":{\"@type\":\"PropertyValueSpecification\",\"valueRequired\":true,\"valueName\":\"search_term_string\"}}],\"inLanguage\":\"fr-FR\"},{\"@type\":\"Organization\",\"@id\":\"https:\\\/\\\/www.aspiravi.com\\\/fr\\\/#organization\",\"name\":\"Aspiravi\",\"url\":\"https:\\\/\\\/www.aspiravi.com\\\/fr\\\/\",\"logo\":{\"@type\":\"ImageObject\",\"inLanguage\":\"fr-FR\",\"@id\":\"https:\\\/\\\/www.aspiravi.com\\\/fr\\\/#\\\/schema\\\/logo\\\/image\\\/\",\"url\":\"https:\\\/\\\/www.aspiravi.com\\\/wp-content\\\/uploads\\\/2023\\\/08\\\/logo-aspiravi.svg\",\"contentUrl\":\"https:\\\/\\\/www.aspiravi.com\\\/wp-content\\\/uploads\\\/2023\\\/08\\\/logo-aspiravi.svg\",\"width\":1,\"height\":1,\"caption\":\"Aspiravi\"},\"image\":{\"@id\":\"https:\\\/\\\/www.aspiravi.com\\\/fr\\\/#\\\/schema\\\/logo\\\/image\\\/\"},\"sameAs\":[\"https:\\\/\\\/www.linkedin.com\\\/company\\\/aspiravi\\\/\",\"https:\\\/\\\/www.instagram.com\\\/aspiravi.be\\\/\"]}]}<\/script>\n<!-- \/ Yoast SEO plugin. -->","yoast_head_json":{"title":"Ondernemers Voka West-Vlaanderen: \"Aspiravi continue d'\u00eatre un pionnier\" | Aspiravi","description":"Dans une longue interview, Rik Van de Walle - CEO Aspiravi Holding - donne un aper\u00e7u de l'avenir du Groupe Aspiravi.","robots":{"index":"index","follow":"follow","max-snippet":"max-snippet:-1","max-image-preview":"max-image-preview:large","max-video-preview":"max-video-preview:-1"},"canonical":"https:\/\/www.aspiravi.com\/fr\/ondernemers-voka-west-vlaanderen-aspiravi-continue-detre-un-pionnier\/","og_locale":"fr_FR","og_type":"article","og_title":"Ondernemers Voka West-Vlaanderen: \"Aspiravi continue d'\u00eatre un pionnier\" | Aspiravi","og_description":"Dans une longue interview, Rik Van de Walle - CEO Aspiravi Holding - donne un aper\u00e7u de l'avenir du Groupe Aspiravi.","og_url":"https:\/\/www.aspiravi.com\/fr\/ondernemers-voka-west-vlaanderen-aspiravi-continue-detre-un-pionnier\/","og_site_name":"Aspiravi","article_published_time":"2024-04-05T14:25:14+00:00","article_modified_time":"2024-04-11T07:55:08+00:00","og_image":[{"width":1658,"height":1105,"url":"https:\/\/www.aspiravi.com\/wp-content\/uploads\/2024\/04\/Aspiravi-018.jpg","type":"image\/jpeg"}],"author":"Pieter Vanderhaeghe","twitter_card":"summary_large_image","twitter_misc":{"Written by":"Pieter Vanderhaeghe","Est. reading time":"10 minutes"},"schema":{"@context":"https:\/\/schema.org","@graph":[{"@type":"WebPage","@id":"https:\/\/www.aspiravi.com\/fr\/ondernemers-voka-west-vlaanderen-aspiravi-continue-detre-un-pionnier\/","url":"https:\/\/www.aspiravi.com\/fr\/ondernemers-voka-west-vlaanderen-aspiravi-continue-detre-un-pionnier\/","name":"Ondernemers Voka West-Vlaanderen: \"Aspiravi continue d'\u00eatre un pionnier\" | Aspiravi","isPartOf":{"@id":"https:\/\/www.aspiravi.com\/fr\/#website"},"primaryImageOfPage":{"@id":"https:\/\/www.aspiravi.com\/fr\/ondernemers-voka-west-vlaanderen-aspiravi-continue-detre-un-pionnier\/#primaryimage"},"image":{"@id":"https:\/\/www.aspiravi.com\/fr\/ondernemers-voka-west-vlaanderen-aspiravi-continue-detre-un-pionnier\/#primaryimage"},"thumbnailUrl":"https:\/\/www.aspiravi.com\/wp-content\/uploads\/2024\/04\/Aspiravi-018.jpg","datePublished":"2024-04-05T14:25:14+00:00","dateModified":"2024-04-11T07:55:08+00:00","description":"Dans une longue interview, Rik Van de Walle - CEO Aspiravi Holding - donne un aper\u00e7u de l'avenir du Groupe Aspiravi.","breadcrumb":{"@id":"https:\/\/www.aspiravi.com\/fr\/ondernemers-voka-west-vlaanderen-aspiravi-continue-detre-un-pionnier\/#breadcrumb"},"inLanguage":"fr-FR","potentialAction":[{"@type":"ReadAction","target":["https:\/\/www.aspiravi.com\/fr\/ondernemers-voka-west-vlaanderen-aspiravi-continue-detre-un-pionnier\/"]}]},{"@type":"ImageObject","inLanguage":"fr-FR","@id":"https:\/\/www.aspiravi.com\/fr\/ondernemers-voka-west-vlaanderen-aspiravi-continue-detre-un-pionnier\/#primaryimage","url":"https:\/\/www.aspiravi.com\/wp-content\/uploads\/2024\/04\/Aspiravi-018.jpg","contentUrl":"https:\/\/www.aspiravi.com\/wp-content\/uploads\/2024\/04\/Aspiravi-018.jpg","width":1658,"height":1105,"caption":"Rik Van de Walle - Ondernemers Voka West-Vlaanderen"},{"@type":"BreadcrumbList","@id":"https:\/\/www.aspiravi.com\/fr\/ondernemers-voka-west-vlaanderen-aspiravi-continue-detre-un-pionnier\/#breadcrumb","itemListElement":[{"@type":"ListItem","position":1,"name":"Home","item":"https:\/\/www.aspiravi.com\/fr\/"},{"@type":"ListItem","position":2,"name":"Ondernemers Voka West-Vlaanderen: &#8220;Aspiravi continue d&#8217;\u00eatre un pionnier&#8221;"}]},{"@type":"WebSite","@id":"https:\/\/www.aspiravi.com\/fr\/#website","url":"https:\/\/www.aspiravi.com\/fr\/","name":"Aspiravi","description":"Jouw partner in 100% hernieuwbare energie","publisher":{"@id":"https:\/\/www.aspiravi.com\/fr\/#organization"},"potentialAction":[{"@type":"SearchAction","target":{"@type":"EntryPoint","urlTemplate":"https:\/\/www.aspiravi.com\/fr\/?s={search_term_string}"},"query-input":{"@type":"PropertyValueSpecification","valueRequired":true,"valueName":"search_term_string"}}],"inLanguage":"fr-FR"},{"@type":"Organization","@id":"https:\/\/www.aspiravi.com\/fr\/#organization","name":"Aspiravi","url":"https:\/\/www.aspiravi.com\/fr\/","logo":{"@type":"ImageObject","inLanguage":"fr-FR","@id":"https:\/\/www.aspiravi.com\/fr\/#\/schema\/logo\/image\/","url":"https:\/\/www.aspiravi.com\/wp-content\/uploads\/2023\/08\/logo-aspiravi.svg","contentUrl":"https:\/\/www.aspiravi.com\/wp-content\/uploads\/2023\/08\/logo-aspiravi.svg","width":1,"height":1,"caption":"Aspiravi"},"image":{"@id":"https:\/\/www.aspiravi.com\/fr\/#\/schema\/logo\/image\/"},"sameAs":["https:\/\/www.linkedin.com\/company\/aspiravi\/","https:\/\/www.instagram.com\/aspiravi.be\/"]}]}},"_links":{"self":[{"href":"https:\/\/www.aspiravi.com\/fr\/wp-json\/wp\/v2\/posts\/24192","targetHints":{"allow":["GET"]}}],"collection":[{"href":"https:\/\/www.aspiravi.com\/fr\/wp-json\/wp\/v2\/posts"}],"about":[{"href":"https:\/\/www.aspiravi.com\/fr\/wp-json\/wp\/v2\/types\/post"}],"author":[{"embeddable":true,"href":"https:\/\/www.aspiravi.com\/fr\/wp-json\/wp\/v2\/users\/4"}],"replies":[{"embeddable":true,"href":"https:\/\/www.aspiravi.com\/fr\/wp-json\/wp\/v2\/comments?post=24192"}],"version-history":[{"count":0,"href":"https:\/\/www.aspiravi.com\/fr\/wp-json\/wp\/v2\/posts\/24192\/revisions"}],"wp:featuredmedia":[{"embeddable":true,"href":"https:\/\/www.aspiravi.com\/fr\/wp-json\/wp\/v2\/media\/24131"}],"wp:attachment":[{"href":"https:\/\/www.aspiravi.com\/fr\/wp-json\/wp\/v2\/media?parent=24192"}],"curies":[{"name":"wp","href":"https:\/\/api.w.org\/{rel}","templated":true}]}}