


{"id":23697,"date":"2024-02-20T09:46:47","date_gmt":"2024-02-20T08:46:47","guid":{"rendered":"https:\/\/www.aspiravi.com\/?p=23697"},"modified":"2024-02-20T09:54:36","modified_gmt":"2024-02-20T08:54:36","slug":"debut-officiel-de-la-construction-dun-nouveau-parc-eolien-a-curacao","status":"publish","type":"post","link":"https:\/\/www.aspiravi.com\/fr\/debut-officiel-de-la-construction-dun-nouveau-parc-eolien-a-curacao\/","title":{"rendered":"D\u00e9but officiel de la construction d&#8217;un nouveau parc \u00e9olien \u00e0 Cura\u00e7ao"},"content":{"rendered":"","protected":false},"excerpt":{"rendered":"<p>Sur le site de Koraal Tabak, sur la c\u00f4te est de Cura\u00e7ao, la construction d&#8217;un quatri\u00e8me parc \u00e9olien du groupe Aspiravi sur l&#8217;\u00eele a \u00e9t\u00e9 officiellement lanc\u00e9e.<\/p>\n","protected":false},"author":4,"featured_media":23689,"comment_status":"closed","ping_status":"closed","sticky":false,"template":"","format":"standard","meta":{"_acf_changed":false},"class_list":["post-23697","post","type-post","status-publish","format-standard","has-post-thumbnail","hentry","newstype-nouvelles","markets-curacao-fr","solutions-eolien","solutions-onshore"],"acf":[],"yoast_head":"<!-- This site is optimized with the Yoast SEO plugin v27.3 - https:\/\/yoast.com\/product\/yoast-seo-wordpress\/ -->\n<title>D\u00e9but officiel de la construction d&#039;un nouveau parc \u00e9olien \u00e0 Cura\u00e7ao | Aspiravi<\/title>\n<meta name=\"description\" content=\"Op de Koraal Tabak site op Cura\u00e7ao werd de offici\u00eble start gegeven voor de bouw van een vierde Aspiravi-groep windpark op het eiland.\" \/>\n<meta name=\"robots\" content=\"index, follow, max-snippet:-1, max-image-preview:large, max-video-preview:-1\" \/>\n<link rel=\"canonical\" href=\"https:\/\/www.aspiravi.com\/fr\/debut-officiel-de-la-construction-dun-nouveau-parc-eolien-a-curacao\/\" \/>\n<meta property=\"og:locale\" content=\"fr_FR\" \/>\n<meta property=\"og:type\" content=\"article\" \/>\n<meta property=\"og:title\" content=\"D\u00e9but officiel de la construction d&#039;un nouveau parc \u00e9olien \u00e0 Cura\u00e7ao | Aspiravi\" \/>\n<meta property=\"og:description\" content=\"Op de Koraal Tabak site op Cura\u00e7ao werd de offici\u00eble start gegeven voor de bouw van een vierde Aspiravi-groep windpark op het eiland.\" \/>\n<meta property=\"og:url\" content=\"https:\/\/www.aspiravi.com\/fr\/debut-officiel-de-la-construction-dun-nouveau-parc-eolien-a-curacao\/\" \/>\n<meta property=\"og:site_name\" content=\"Aspiravi\" \/>\n<meta property=\"article:published_time\" content=\"2024-02-20T08:46:47+00:00\" \/>\n<meta property=\"article:modified_time\" content=\"2024-02-20T08:54:36+00:00\" \/>\n<meta property=\"og:image\" content=\"https:\/\/www.aspiravi.com\/wp-content\/uploads\/2024\/02\/29-min.png\" \/>\n\t<meta property=\"og:image:width\" content=\"1280\" \/>\n\t<meta property=\"og:image:height\" content=\"720\" \/>\n\t<meta property=\"og:image:type\" content=\"image\/png\" \/>\n<meta name=\"author\" content=\"Pieter Vanderhaeghe\" \/>\n<meta name=\"twitter:card\" content=\"summary_large_image\" \/>\n<meta name=\"twitter:label1\" content=\"Written by\" \/>\n\t<meta name=\"twitter:data1\" content=\"Pieter Vanderhaeghe\" \/>\n\t<meta name=\"twitter:label2\" content=\"Est. reading time\" \/>\n\t<meta name=\"twitter:data2\" content=\"2 minutes\" \/>\n<script type=\"application\/ld+json\" class=\"yoast-schema-graph\">{\"@context\":\"https:\\\/\\\/schema.org\",\"@graph\":[{\"@type\":\"WebPage\",\"@id\":\"https:\\\/\\\/www.aspiravi.com\\\/fr\\\/debut-officiel-de-la-construction-dun-nouveau-parc-eolien-a-curacao\\\/\",\"url\":\"https:\\\/\\\/www.aspiravi.com\\\/fr\\\/debut-officiel-de-la-construction-dun-nouveau-parc-eolien-a-curacao\\\/\",\"name\":\"D\u00e9but officiel de la construction d'un nouveau parc \u00e9olien \u00e0 Cura\u00e7ao | Aspiravi\",\"isPartOf\":{\"@id\":\"https:\\\/\\\/www.aspiravi.com\\\/fr\\\/#website\"},\"primaryImageOfPage\":{\"@id\":\"https:\\\/\\\/www.aspiravi.com\\\/fr\\\/debut-officiel-de-la-construction-dun-nouveau-parc-eolien-a-curacao\\\/#primaryimage\"},\"image\":{\"@id\":\"https:\\\/\\\/www.aspiravi.com\\\/fr\\\/debut-officiel-de-la-construction-dun-nouveau-parc-eolien-a-curacao\\\/#primaryimage\"},\"thumbnailUrl\":\"https:\\\/\\\/www.aspiravi.com\\\/wp-content\\\/uploads\\\/2024\\\/02\\\/29-min.png\",\"datePublished\":\"2024-02-20T08:46:47+00:00\",\"dateModified\":\"2024-02-20T08:54:36+00:00\",\"description\":\"Op de Koraal Tabak site op Cura\u00e7ao werd de offici\u00eble start gegeven voor de bouw van een vierde Aspiravi-groep windpark op het eiland.\",\"breadcrumb\":{\"@id\":\"https:\\\/\\\/www.aspiravi.com\\\/fr\\\/debut-officiel-de-la-construction-dun-nouveau-parc-eolien-a-curacao\\\/#breadcrumb\"},\"inLanguage\":\"fr-FR\",\"potentialAction\":[{\"@type\":\"ReadAction\",\"target\":[\"https:\\\/\\\/www.aspiravi.com\\\/fr\\\/debut-officiel-de-la-construction-dun-nouveau-parc-eolien-a-curacao\\\/\"]}]},{\"@type\":\"ImageObject\",\"inLanguage\":\"fr-FR\",\"@id\":\"https:\\\/\\\/www.aspiravi.com\\\/fr\\\/debut-officiel-de-la-construction-dun-nouveau-parc-eolien-a-curacao\\\/#primaryimage\",\"url\":\"https:\\\/\\\/www.aspiravi.com\\\/wp-content\\\/uploads\\\/2024\\\/02\\\/29-min.png\",\"contentUrl\":\"https:\\\/\\\/www.aspiravi.com\\\/wp-content\\\/uploads\\\/2024\\\/02\\\/29-min.png\",\"width\":1280,\"height\":720,\"caption\":\"Groundbreaking NuKoraal Tabak Windpark Cura\u00e7ao\"},{\"@type\":\"BreadcrumbList\",\"@id\":\"https:\\\/\\\/www.aspiravi.com\\\/fr\\\/debut-officiel-de-la-construction-dun-nouveau-parc-eolien-a-curacao\\\/#breadcrumb\",\"itemListElement\":[{\"@type\":\"ListItem\",\"position\":1,\"name\":\"Home\",\"item\":\"https:\\\/\\\/www.aspiravi.com\\\/fr\\\/\"},{\"@type\":\"ListItem\",\"position\":2,\"name\":\"D\u00e9but officiel de la construction d&#8217;un nouveau parc \u00e9olien \u00e0 Cura\u00e7ao\"}]},{\"@type\":\"WebSite\",\"@id\":\"https:\\\/\\\/www.aspiravi.com\\\/fr\\\/#website\",\"url\":\"https:\\\/\\\/www.aspiravi.com\\\/fr\\\/\",\"name\":\"Aspiravi\",\"description\":\"Jouw partner in 100% hernieuwbare energie\",\"publisher\":{\"@id\":\"https:\\\/\\\/www.aspiravi.com\\\/fr\\\/#organization\"},\"potentialAction\":[{\"@type\":\"SearchAction\",\"target\":{\"@type\":\"EntryPoint\",\"urlTemplate\":\"https:\\\/\\\/www.aspiravi.com\\\/fr\\\/?s={search_term_string}\"},\"query-input\":{\"@type\":\"PropertyValueSpecification\",\"valueRequired\":true,\"valueName\":\"search_term_string\"}}],\"inLanguage\":\"fr-FR\"},{\"@type\":\"Organization\",\"@id\":\"https:\\\/\\\/www.aspiravi.com\\\/fr\\\/#organization\",\"name\":\"Aspiravi\",\"url\":\"https:\\\/\\\/www.aspiravi.com\\\/fr\\\/\",\"logo\":{\"@type\":\"ImageObject\",\"inLanguage\":\"fr-FR\",\"@id\":\"https:\\\/\\\/www.aspiravi.com\\\/fr\\\/#\\\/schema\\\/logo\\\/image\\\/\",\"url\":\"https:\\\/\\\/www.aspiravi.com\\\/wp-content\\\/uploads\\\/2023\\\/08\\\/logo-aspiravi.svg\",\"contentUrl\":\"https:\\\/\\\/www.aspiravi.com\\\/wp-content\\\/uploads\\\/2023\\\/08\\\/logo-aspiravi.svg\",\"width\":1,\"height\":1,\"caption\":\"Aspiravi\"},\"image\":{\"@id\":\"https:\\\/\\\/www.aspiravi.com\\\/fr\\\/#\\\/schema\\\/logo\\\/image\\\/\"},\"sameAs\":[\"https:\\\/\\\/www.linkedin.com\\\/company\\\/aspiravi\\\/\",\"https:\\\/\\\/www.instagram.com\\\/aspiravi.be\\\/\"]}]}<\/script>\n<!-- \/ Yoast SEO plugin. -->","yoast_head_json":{"title":"D\u00e9but officiel de la construction d'un nouveau parc \u00e9olien \u00e0 Cura\u00e7ao | Aspiravi","description":"Op de Koraal Tabak site op Cura\u00e7ao werd de offici\u00eble start gegeven voor de bouw van een vierde Aspiravi-groep windpark op het eiland.","robots":{"index":"index","follow":"follow","max-snippet":"max-snippet:-1","max-image-preview":"max-image-preview:large","max-video-preview":"max-video-preview:-1"},"canonical":"https:\/\/www.aspiravi.com\/fr\/debut-officiel-de-la-construction-dun-nouveau-parc-eolien-a-curacao\/","og_locale":"fr_FR","og_type":"article","og_title":"D\u00e9but officiel de la construction d'un nouveau parc \u00e9olien \u00e0 Cura\u00e7ao | Aspiravi","og_description":"Op de Koraal Tabak site op Cura\u00e7ao werd de offici\u00eble start gegeven voor de bouw van een vierde Aspiravi-groep windpark op het eiland.","og_url":"https:\/\/www.aspiravi.com\/fr\/debut-officiel-de-la-construction-dun-nouveau-parc-eolien-a-curacao\/","og_site_name":"Aspiravi","article_published_time":"2024-02-20T08:46:47+00:00","article_modified_time":"2024-02-20T08:54:36+00:00","og_image":[{"width":1280,"height":720,"url":"https:\/\/www.aspiravi.com\/wp-content\/uploads\/2024\/02\/29-min.png","type":"image\/png"}],"author":"Pieter Vanderhaeghe","twitter_card":"summary_large_image","twitter_misc":{"Written by":"Pieter Vanderhaeghe","Est. reading time":"2 minutes"},"schema":{"@context":"https:\/\/schema.org","@graph":[{"@type":"WebPage","@id":"https:\/\/www.aspiravi.com\/fr\/debut-officiel-de-la-construction-dun-nouveau-parc-eolien-a-curacao\/","url":"https:\/\/www.aspiravi.com\/fr\/debut-officiel-de-la-construction-dun-nouveau-parc-eolien-a-curacao\/","name":"D\u00e9but officiel de la construction d'un nouveau parc \u00e9olien \u00e0 Cura\u00e7ao | Aspiravi","isPartOf":{"@id":"https:\/\/www.aspiravi.com\/fr\/#website"},"primaryImageOfPage":{"@id":"https:\/\/www.aspiravi.com\/fr\/debut-officiel-de-la-construction-dun-nouveau-parc-eolien-a-curacao\/#primaryimage"},"image":{"@id":"https:\/\/www.aspiravi.com\/fr\/debut-officiel-de-la-construction-dun-nouveau-parc-eolien-a-curacao\/#primaryimage"},"thumbnailUrl":"https:\/\/www.aspiravi.com\/wp-content\/uploads\/2024\/02\/29-min.png","datePublished":"2024-02-20T08:46:47+00:00","dateModified":"2024-02-20T08:54:36+00:00","description":"Op de Koraal Tabak site op Cura\u00e7ao werd de offici\u00eble start gegeven voor de bouw van een vierde Aspiravi-groep windpark op het eiland.","breadcrumb":{"@id":"https:\/\/www.aspiravi.com\/fr\/debut-officiel-de-la-construction-dun-nouveau-parc-eolien-a-curacao\/#breadcrumb"},"inLanguage":"fr-FR","potentialAction":[{"@type":"ReadAction","target":["https:\/\/www.aspiravi.com\/fr\/debut-officiel-de-la-construction-dun-nouveau-parc-eolien-a-curacao\/"]}]},{"@type":"ImageObject","inLanguage":"fr-FR","@id":"https:\/\/www.aspiravi.com\/fr\/debut-officiel-de-la-construction-dun-nouveau-parc-eolien-a-curacao\/#primaryimage","url":"https:\/\/www.aspiravi.com\/wp-content\/uploads\/2024\/02\/29-min.png","contentUrl":"https:\/\/www.aspiravi.com\/wp-content\/uploads\/2024\/02\/29-min.png","width":1280,"height":720,"caption":"Groundbreaking NuKoraal Tabak Windpark Cura\u00e7ao"},{"@type":"BreadcrumbList","@id":"https:\/\/www.aspiravi.com\/fr\/debut-officiel-de-la-construction-dun-nouveau-parc-eolien-a-curacao\/#breadcrumb","itemListElement":[{"@type":"ListItem","position":1,"name":"Home","item":"https:\/\/www.aspiravi.com\/fr\/"},{"@type":"ListItem","position":2,"name":"D\u00e9but officiel de la construction d&#8217;un nouveau parc \u00e9olien \u00e0 Cura\u00e7ao"}]},{"@type":"WebSite","@id":"https:\/\/www.aspiravi.com\/fr\/#website","url":"https:\/\/www.aspiravi.com\/fr\/","name":"Aspiravi","description":"Jouw partner in 100% hernieuwbare energie","publisher":{"@id":"https:\/\/www.aspiravi.com\/fr\/#organization"},"potentialAction":[{"@type":"SearchAction","target":{"@type":"EntryPoint","urlTemplate":"https:\/\/www.aspiravi.com\/fr\/?s={search_term_string}"},"query-input":{"@type":"PropertyValueSpecification","valueRequired":true,"valueName":"search_term_string"}}],"inLanguage":"fr-FR"},{"@type":"Organization","@id":"https:\/\/www.aspiravi.com\/fr\/#organization","name":"Aspiravi","url":"https:\/\/www.aspiravi.com\/fr\/","logo":{"@type":"ImageObject","inLanguage":"fr-FR","@id":"https:\/\/www.aspiravi.com\/fr\/#\/schema\/logo\/image\/","url":"https:\/\/www.aspiravi.com\/wp-content\/uploads\/2023\/08\/logo-aspiravi.svg","contentUrl":"https:\/\/www.aspiravi.com\/wp-content\/uploads\/2023\/08\/logo-aspiravi.svg","width":1,"height":1,"caption":"Aspiravi"},"image":{"@id":"https:\/\/www.aspiravi.com\/fr\/#\/schema\/logo\/image\/"},"sameAs":["https:\/\/www.linkedin.com\/company\/aspiravi\/","https:\/\/www.instagram.com\/aspiravi.be\/"]}]}},"_links":{"self":[{"href":"https:\/\/www.aspiravi.com\/fr\/wp-json\/wp\/v2\/posts\/23697","targetHints":{"allow":["GET"]}}],"collection":[{"href":"https:\/\/www.aspiravi.com\/fr\/wp-json\/wp\/v2\/posts"}],"about":[{"href":"https:\/\/www.aspiravi.com\/fr\/wp-json\/wp\/v2\/types\/post"}],"author":[{"embeddable":true,"href":"https:\/\/www.aspiravi.com\/fr\/wp-json\/wp\/v2\/users\/4"}],"replies":[{"embeddable":true,"href":"https:\/\/www.aspiravi.com\/fr\/wp-json\/wp\/v2\/comments?post=23697"}],"version-history":[{"count":0,"href":"https:\/\/www.aspiravi.com\/fr\/wp-json\/wp\/v2\/posts\/23697\/revisions"}],"wp:featuredmedia":[{"embeddable":true,"href":"https:\/\/www.aspiravi.com\/fr\/wp-json\/wp\/v2\/media\/23689"}],"wp:attachment":[{"href":"https:\/\/www.aspiravi.com\/fr\/wp-json\/wp\/v2\/media?parent=23697"}],"curies":[{"name":"wp","href":"https:\/\/api.w.org\/{rel}","templated":true}]}}