


{"id":25398,"date":"2024-06-27T13:20:53","date_gmt":"2024-06-27T11:20:53","guid":{"rendered":"https:\/\/www.aspiravi.com\/?p=25398"},"modified":"2024-07-12T10:15:03","modified_gmt":"2024-07-12T08:15:03","slug":"se-celebra-con-exito-la-presentacion-del-nuevo-proyecto-solar-de-sant-fruitos-de-bages","status":"publish","type":"post","link":"https:\/\/www.aspiravi.com\/es\/se-celebra-con-exito-la-presentacion-del-nuevo-proyecto-solar-de-sant-fruitos-de-bages\/","title":{"rendered":"Se celebra con \u00e9xito la presentaci\u00f3n del nuevo proyecto solar de Sant Fruit\u00f3s de Bages"},"content":{"rendered":"","protected":false},"excerpt":{"rendered":"<p>El pasado 20 de junio, se llev\u00f3 a cabo la presentaci\u00f3n oficial del \u00fanico proyecto fotovoltaico bonificado en Catalu\u00f1a, que estar\u00e1 ubicado en Sant Fruit\u00f3s de Bages.  El evento se llev\u00f3 a cabo a las 19:30 horas en la sala polivalente del NEXE &#8211; Espai de Cultura en Sant Fruit\u00f3s de Bages y acudieron cerca de 50 personas.<\/p>\n","protected":false},"author":4,"featured_media":25395,"comment_status":"closed","ping_status":"closed","sticky":false,"template":"","format":"standard","meta":{"_acf_changed":false},"class_list":["post-25398","post","type-post","status-publish","format-standard","has-post-thumbnail","hentry","newstype-comunicados-de-prensa","markets-espana","solutions-sol"],"acf":[],"yoast_head":"<!-- This site is optimized with the Yoast SEO plugin v27.3 - https:\/\/yoast.com\/product\/yoast-seo-wordpress\/ -->\n<title>Se celebra con \u00e9xito la presentaci\u00f3n del nuevo proyecto solar de Sant Fruit\u00f3s de Bages | Aspiravi<\/title>\n<meta name=\"description\" content=\"Presentaci\u00f3n oficial del \u00fanico proyecto fotovoltaico bonificado en Catalu\u00f1a, que estar\u00e1 ubicado en Sant Fruit\u00f3s de Bages.\" \/>\n<meta name=\"robots\" content=\"index, follow, max-snippet:-1, max-image-preview:large, max-video-preview:-1\" \/>\n<link rel=\"canonical\" href=\"https:\/\/www.aspiravi.com\/es\/se-celebra-con-exito-la-presentacion-del-nuevo-proyecto-solar-de-sant-fruitos-de-bages\/\" \/>\n<meta property=\"og:locale\" content=\"es_ES\" \/>\n<meta property=\"og:type\" content=\"article\" \/>\n<meta property=\"og:title\" content=\"Se celebra con \u00e9xito la presentaci\u00f3n del nuevo proyecto solar de Sant Fruit\u00f3s de Bages | Aspiravi\" \/>\n<meta property=\"og:description\" content=\"Presentaci\u00f3n oficial del \u00fanico proyecto fotovoltaico bonificado en Catalu\u00f1a, que estar\u00e1 ubicado en Sant Fruit\u00f3s de Bages.\" \/>\n<meta property=\"og:url\" content=\"https:\/\/www.aspiravi.com\/es\/se-celebra-con-exito-la-presentacion-del-nuevo-proyecto-solar-de-sant-fruitos-de-bages\/\" \/>\n<meta property=\"og:site_name\" content=\"Aspiravi\" \/>\n<meta property=\"article:published_time\" content=\"2024-06-27T11:20:53+00:00\" \/>\n<meta property=\"article:modified_time\" content=\"2024-07-12T08:15:03+00:00\" \/>\n<meta property=\"og:image\" content=\"https:\/\/www.aspiravi.com\/wp-content\/uploads\/2024\/06\/San-Fruitos-Foto-Aspiravi-Spain-min.jpg\" \/>\n\t<meta property=\"og:image:width\" content=\"5624\" \/>\n\t<meta property=\"og:image:height\" content=\"4222\" \/>\n\t<meta property=\"og:image:type\" content=\"image\/jpeg\" \/>\n<meta name=\"author\" content=\"Pieter Vanderhaeghe\" \/>\n<meta name=\"twitter:card\" content=\"summary_large_image\" \/>\n<meta name=\"twitter:label1\" content=\"Written by\" \/>\n\t<meta name=\"twitter:data1\" content=\"Pieter Vanderhaeghe\" \/>\n\t<meta name=\"twitter:label2\" content=\"Est. reading time\" \/>\n\t<meta name=\"twitter:data2\" content=\"3 minutes\" \/>\n<script type=\"application\/ld+json\" class=\"yoast-schema-graph\">{\"@context\":\"https:\\\/\\\/schema.org\",\"@graph\":[{\"@type\":\"WebPage\",\"@id\":\"https:\\\/\\\/www.aspiravi.com\\\/es\\\/se-celebra-con-exito-la-presentacion-del-nuevo-proyecto-solar-de-sant-fruitos-de-bages\\\/\",\"url\":\"https:\\\/\\\/www.aspiravi.com\\\/es\\\/se-celebra-con-exito-la-presentacion-del-nuevo-proyecto-solar-de-sant-fruitos-de-bages\\\/\",\"name\":\"Se celebra con \u00e9xito la presentaci\u00f3n del nuevo proyecto solar de Sant Fruit\u00f3s de Bages | Aspiravi\",\"isPartOf\":{\"@id\":\"https:\\\/\\\/www.aspiravi.com\\\/es\\\/#website\"},\"primaryImageOfPage\":{\"@id\":\"https:\\\/\\\/www.aspiravi.com\\\/es\\\/se-celebra-con-exito-la-presentacion-del-nuevo-proyecto-solar-de-sant-fruitos-de-bages\\\/#primaryimage\"},\"image\":{\"@id\":\"https:\\\/\\\/www.aspiravi.com\\\/es\\\/se-celebra-con-exito-la-presentacion-del-nuevo-proyecto-solar-de-sant-fruitos-de-bages\\\/#primaryimage\"},\"thumbnailUrl\":\"https:\\\/\\\/www.aspiravi.com\\\/wp-content\\\/uploads\\\/2024\\\/06\\\/San-Fruitos-Foto-Aspiravi-Spain-min.jpg\",\"datePublished\":\"2024-06-27T11:20:53+00:00\",\"dateModified\":\"2024-07-12T08:15:03+00:00\",\"description\":\"Presentaci\u00f3n oficial del \u00fanico proyecto fotovoltaico bonificado en Catalu\u00f1a, que estar\u00e1 ubicado en Sant Fruit\u00f3s de Bages.\",\"breadcrumb\":{\"@id\":\"https:\\\/\\\/www.aspiravi.com\\\/es\\\/se-celebra-con-exito-la-presentacion-del-nuevo-proyecto-solar-de-sant-fruitos-de-bages\\\/#breadcrumb\"},\"inLanguage\":\"es-ES\",\"potentialAction\":[{\"@type\":\"ReadAction\",\"target\":[\"https:\\\/\\\/www.aspiravi.com\\\/es\\\/se-celebra-con-exito-la-presentacion-del-nuevo-proyecto-solar-de-sant-fruitos-de-bages\\\/\"]}]},{\"@type\":\"ImageObject\",\"inLanguage\":\"es-ES\",\"@id\":\"https:\\\/\\\/www.aspiravi.com\\\/es\\\/se-celebra-con-exito-la-presentacion-del-nuevo-proyecto-solar-de-sant-fruitos-de-bages\\\/#primaryimage\",\"url\":\"https:\\\/\\\/www.aspiravi.com\\\/wp-content\\\/uploads\\\/2024\\\/06\\\/San-Fruitos-Foto-Aspiravi-Spain-min.jpg\",\"contentUrl\":\"https:\\\/\\\/www.aspiravi.com\\\/wp-content\\\/uploads\\\/2024\\\/06\\\/San-Fruitos-Foto-Aspiravi-Spain-min.jpg\",\"width\":5624,\"height\":4222},{\"@type\":\"BreadcrumbList\",\"@id\":\"https:\\\/\\\/www.aspiravi.com\\\/es\\\/se-celebra-con-exito-la-presentacion-del-nuevo-proyecto-solar-de-sant-fruitos-de-bages\\\/#breadcrumb\",\"itemListElement\":[{\"@type\":\"ListItem\",\"position\":1,\"name\":\"Home\",\"item\":\"https:\\\/\\\/www.aspiravi.com\\\/es\\\/\"},{\"@type\":\"ListItem\",\"position\":2,\"name\":\"Se celebra con \u00e9xito la presentaci\u00f3n del nuevo proyecto solar de Sant Fruit\u00f3s de Bages\"}]},{\"@type\":\"WebSite\",\"@id\":\"https:\\\/\\\/www.aspiravi.com\\\/es\\\/#website\",\"url\":\"https:\\\/\\\/www.aspiravi.com\\\/es\\\/\",\"name\":\"Aspiravi\",\"description\":\"Jouw partner in 100% hernieuwbare energie\",\"publisher\":{\"@id\":\"https:\\\/\\\/www.aspiravi.com\\\/es\\\/#organization\"},\"potentialAction\":[{\"@type\":\"SearchAction\",\"target\":{\"@type\":\"EntryPoint\",\"urlTemplate\":\"https:\\\/\\\/www.aspiravi.com\\\/es\\\/?s={search_term_string}\"},\"query-input\":{\"@type\":\"PropertyValueSpecification\",\"valueRequired\":true,\"valueName\":\"search_term_string\"}}],\"inLanguage\":\"es-ES\"},{\"@type\":\"Organization\",\"@id\":\"https:\\\/\\\/www.aspiravi.com\\\/es\\\/#organization\",\"name\":\"Aspiravi\",\"url\":\"https:\\\/\\\/www.aspiravi.com\\\/es\\\/\",\"logo\":{\"@type\":\"ImageObject\",\"inLanguage\":\"es-ES\",\"@id\":\"https:\\\/\\\/www.aspiravi.com\\\/es\\\/#\\\/schema\\\/logo\\\/image\\\/\",\"url\":\"https:\\\/\\\/www.aspiravi.com\\\/wp-content\\\/uploads\\\/2023\\\/08\\\/logo-aspiravi.svg\",\"contentUrl\":\"https:\\\/\\\/www.aspiravi.com\\\/wp-content\\\/uploads\\\/2023\\\/08\\\/logo-aspiravi.svg\",\"width\":1,\"height\":1,\"caption\":\"Aspiravi\"},\"image\":{\"@id\":\"https:\\\/\\\/www.aspiravi.com\\\/es\\\/#\\\/schema\\\/logo\\\/image\\\/\"},\"sameAs\":[\"https:\\\/\\\/www.linkedin.com\\\/company\\\/aspiravi\\\/\",\"https:\\\/\\\/www.instagram.com\\\/aspiravi.be\\\/\"]}]}<\/script>\n<!-- \/ Yoast SEO plugin. -->","yoast_head_json":{"title":"Se celebra con \u00e9xito la presentaci\u00f3n del nuevo proyecto solar de Sant Fruit\u00f3s de Bages | Aspiravi","description":"Presentaci\u00f3n oficial del \u00fanico proyecto fotovoltaico bonificado en Catalu\u00f1a, que estar\u00e1 ubicado en Sant Fruit\u00f3s de Bages.","robots":{"index":"index","follow":"follow","max-snippet":"max-snippet:-1","max-image-preview":"max-image-preview:large","max-video-preview":"max-video-preview:-1"},"canonical":"https:\/\/www.aspiravi.com\/es\/se-celebra-con-exito-la-presentacion-del-nuevo-proyecto-solar-de-sant-fruitos-de-bages\/","og_locale":"es_ES","og_type":"article","og_title":"Se celebra con \u00e9xito la presentaci\u00f3n del nuevo proyecto solar de Sant Fruit\u00f3s de Bages | Aspiravi","og_description":"Presentaci\u00f3n oficial del \u00fanico proyecto fotovoltaico bonificado en Catalu\u00f1a, que estar\u00e1 ubicado en Sant Fruit\u00f3s de Bages.","og_url":"https:\/\/www.aspiravi.com\/es\/se-celebra-con-exito-la-presentacion-del-nuevo-proyecto-solar-de-sant-fruitos-de-bages\/","og_site_name":"Aspiravi","article_published_time":"2024-06-27T11:20:53+00:00","article_modified_time":"2024-07-12T08:15:03+00:00","og_image":[{"width":5624,"height":4222,"url":"https:\/\/www.aspiravi.com\/wp-content\/uploads\/2024\/06\/San-Fruitos-Foto-Aspiravi-Spain-min.jpg","type":"image\/jpeg"}],"author":"Pieter Vanderhaeghe","twitter_card":"summary_large_image","twitter_misc":{"Written by":"Pieter Vanderhaeghe","Est. reading time":"3 minutes"},"schema":{"@context":"https:\/\/schema.org","@graph":[{"@type":"WebPage","@id":"https:\/\/www.aspiravi.com\/es\/se-celebra-con-exito-la-presentacion-del-nuevo-proyecto-solar-de-sant-fruitos-de-bages\/","url":"https:\/\/www.aspiravi.com\/es\/se-celebra-con-exito-la-presentacion-del-nuevo-proyecto-solar-de-sant-fruitos-de-bages\/","name":"Se celebra con \u00e9xito la presentaci\u00f3n del nuevo proyecto solar de Sant Fruit\u00f3s de Bages | Aspiravi","isPartOf":{"@id":"https:\/\/www.aspiravi.com\/es\/#website"},"primaryImageOfPage":{"@id":"https:\/\/www.aspiravi.com\/es\/se-celebra-con-exito-la-presentacion-del-nuevo-proyecto-solar-de-sant-fruitos-de-bages\/#primaryimage"},"image":{"@id":"https:\/\/www.aspiravi.com\/es\/se-celebra-con-exito-la-presentacion-del-nuevo-proyecto-solar-de-sant-fruitos-de-bages\/#primaryimage"},"thumbnailUrl":"https:\/\/www.aspiravi.com\/wp-content\/uploads\/2024\/06\/San-Fruitos-Foto-Aspiravi-Spain-min.jpg","datePublished":"2024-06-27T11:20:53+00:00","dateModified":"2024-07-12T08:15:03+00:00","description":"Presentaci\u00f3n oficial del \u00fanico proyecto fotovoltaico bonificado en Catalu\u00f1a, que estar\u00e1 ubicado en Sant Fruit\u00f3s de Bages.","breadcrumb":{"@id":"https:\/\/www.aspiravi.com\/es\/se-celebra-con-exito-la-presentacion-del-nuevo-proyecto-solar-de-sant-fruitos-de-bages\/#breadcrumb"},"inLanguage":"es-ES","potentialAction":[{"@type":"ReadAction","target":["https:\/\/www.aspiravi.com\/es\/se-celebra-con-exito-la-presentacion-del-nuevo-proyecto-solar-de-sant-fruitos-de-bages\/"]}]},{"@type":"ImageObject","inLanguage":"es-ES","@id":"https:\/\/www.aspiravi.com\/es\/se-celebra-con-exito-la-presentacion-del-nuevo-proyecto-solar-de-sant-fruitos-de-bages\/#primaryimage","url":"https:\/\/www.aspiravi.com\/wp-content\/uploads\/2024\/06\/San-Fruitos-Foto-Aspiravi-Spain-min.jpg","contentUrl":"https:\/\/www.aspiravi.com\/wp-content\/uploads\/2024\/06\/San-Fruitos-Foto-Aspiravi-Spain-min.jpg","width":5624,"height":4222},{"@type":"BreadcrumbList","@id":"https:\/\/www.aspiravi.com\/es\/se-celebra-con-exito-la-presentacion-del-nuevo-proyecto-solar-de-sant-fruitos-de-bages\/#breadcrumb","itemListElement":[{"@type":"ListItem","position":1,"name":"Home","item":"https:\/\/www.aspiravi.com\/es\/"},{"@type":"ListItem","position":2,"name":"Se celebra con \u00e9xito la presentaci\u00f3n del nuevo proyecto solar de Sant Fruit\u00f3s de Bages"}]},{"@type":"WebSite","@id":"https:\/\/www.aspiravi.com\/es\/#website","url":"https:\/\/www.aspiravi.com\/es\/","name":"Aspiravi","description":"Jouw partner in 100% hernieuwbare energie","publisher":{"@id":"https:\/\/www.aspiravi.com\/es\/#organization"},"potentialAction":[{"@type":"SearchAction","target":{"@type":"EntryPoint","urlTemplate":"https:\/\/www.aspiravi.com\/es\/?s={search_term_string}"},"query-input":{"@type":"PropertyValueSpecification","valueRequired":true,"valueName":"search_term_string"}}],"inLanguage":"es-ES"},{"@type":"Organization","@id":"https:\/\/www.aspiravi.com\/es\/#organization","name":"Aspiravi","url":"https:\/\/www.aspiravi.com\/es\/","logo":{"@type":"ImageObject","inLanguage":"es-ES","@id":"https:\/\/www.aspiravi.com\/es\/#\/schema\/logo\/image\/","url":"https:\/\/www.aspiravi.com\/wp-content\/uploads\/2023\/08\/logo-aspiravi.svg","contentUrl":"https:\/\/www.aspiravi.com\/wp-content\/uploads\/2023\/08\/logo-aspiravi.svg","width":1,"height":1,"caption":"Aspiravi"},"image":{"@id":"https:\/\/www.aspiravi.com\/es\/#\/schema\/logo\/image\/"},"sameAs":["https:\/\/www.linkedin.com\/company\/aspiravi\/","https:\/\/www.instagram.com\/aspiravi.be\/"]}]}},"_links":{"self":[{"href":"https:\/\/www.aspiravi.com\/es\/wp-json\/wp\/v2\/posts\/25398","targetHints":{"allow":["GET"]}}],"collection":[{"href":"https:\/\/www.aspiravi.com\/es\/wp-json\/wp\/v2\/posts"}],"about":[{"href":"https:\/\/www.aspiravi.com\/es\/wp-json\/wp\/v2\/types\/post"}],"author":[{"embeddable":true,"href":"https:\/\/www.aspiravi.com\/es\/wp-json\/wp\/v2\/users\/4"}],"replies":[{"embeddable":true,"href":"https:\/\/www.aspiravi.com\/es\/wp-json\/wp\/v2\/comments?post=25398"}],"version-history":[{"count":0,"href":"https:\/\/www.aspiravi.com\/es\/wp-json\/wp\/v2\/posts\/25398\/revisions"}],"wp:featuredmedia":[{"embeddable":true,"href":"https:\/\/www.aspiravi.com\/es\/wp-json\/wp\/v2\/media\/25395"}],"wp:attachment":[{"href":"https:\/\/www.aspiravi.com\/es\/wp-json\/wp\/v2\/media?parent=25398"}],"curies":[{"name":"wp","href":"https:\/\/api.w.org\/{rel}","templated":true}]}}