


{"id":22250,"date":"2023-10-11T17:02:29","date_gmt":"2023-10-11T15:02:29","guid":{"rendered":"https:\/\/www.aspiravi.com\/?p=22250"},"modified":"2024-01-10T21:27:56","modified_gmt":"2024-01-10T20:27:56","slug":"22250","status":"publish","type":"post","link":"https:\/\/www.aspiravi.com\/es\/22250\/","title":{"rendered":"Entrevista con el Director General Rik Van de Walle en el peri\u00f3dico de fin de semana De Tijd"},"content":{"rendered":"","protected":false},"excerpt":{"rendered":"<p>Aspiravi, con sede en Harelbeek y a la sombra de los gigantes de la energ\u00eda es un actor importante de la energ\u00eda verde, as\u00ed como en una m\u00e1quina de beneficios que ya ha pagado 124 millones de euros a los accionistas municipales.<\/p>\n","protected":false},"author":3,"featured_media":14493,"comment_status":"closed","ping_status":"closed","sticky":false,"template":"","format":"standard","meta":{"_acf_changed":false},"class_list":["post-22250","post","type-post","status-publish","format-standard","has-post-thumbnail","hentry","newstype-comunicados-de-prensa","newstype-noticias","markets-belgica","markets-curazao","markets-francia","markets-escocia","markets-espana","solutions-viento","solutions-offshore-es","solutions-onshore","solutions-biomasa","solutions-sol","solutions-bateria","solutions-energia-agrofotovoltaica"],"acf":[],"yoast_head":"<!-- This site is optimized with the Yoast SEO plugin v27.3 - https:\/\/yoast.com\/product\/yoast-seo-wordpress\/ -->\n<title>Entrevista con el Director General Rik Van de Walle en el peri\u00f3dico de fin de semana De Tijd | Aspiravi<\/title>\n<meta name=\"description\" content=\"Aspiravi, con sede en Harelbeek y a la sombra de los gigantes de la energ\u00eda es un actor importante de la energ\u00eda verde, as\u00ed como en una m\u00e1quina de beneficios que ya ha pagado 124 millones de euros a los accionistas municipales. Para continuar su crecimiento, su Consejero Delegado, Rik Van de Walle, tiene en el punto de mira grandes parques e\u00f3licos en Bosnia e instalaciones fotovoltaicas en vi\u00f1edos franceses.\u00a0\" \/>\n<meta name=\"robots\" content=\"index, follow, max-snippet:-1, max-image-preview:large, max-video-preview:-1\" \/>\n<link rel=\"canonical\" href=\"https:\/\/www.aspiravi.com\/es\/22250\/\" \/>\n<meta property=\"og:locale\" content=\"es_ES\" \/>\n<meta property=\"og:type\" content=\"article\" \/>\n<meta property=\"og:title\" content=\"Entrevista con el Director General Rik Van de Walle en el peri\u00f3dico de fin de semana De Tijd | Aspiravi\" \/>\n<meta property=\"og:description\" content=\"Aspiravi, con sede en Harelbeek y a la sombra de los gigantes de la energ\u00eda es un actor importante de la energ\u00eda verde, as\u00ed como en una m\u00e1quina de beneficios que ya ha pagado 124 millones de euros a los accionistas municipales. Para continuar su crecimiento, su Consejero Delegado, Rik Van de Walle, tiene en el punto de mira grandes parques e\u00f3licos en Bosnia e instalaciones fotovoltaicas en vi\u00f1edos franceses.\u00a0\" \/>\n<meta property=\"og:url\" content=\"https:\/\/www.aspiravi.com\/es\/22250\/\" \/>\n<meta property=\"og:site_name\" content=\"Aspiravi\" \/>\n<meta property=\"article:published_time\" content=\"2023-10-11T15:02:29+00:00\" \/>\n<meta property=\"article:modified_time\" content=\"2024-01-10T20:27:56+00:00\" \/>\n<meta property=\"og:image\" content=\"https:\/\/www.aspiravi.com\/wp-content\/uploads\/2023\/12\/artikeel_de_tijd.jpg\" \/>\n\t<meta property=\"og:image:width\" content=\"705\" \/>\n\t<meta property=\"og:image:height\" content=\"595\" \/>\n\t<meta property=\"og:image:type\" content=\"image\/jpeg\" \/>\n<meta name=\"author\" content=\"luc\" \/>\n<meta name=\"twitter:card\" content=\"summary_large_image\" \/>\n<meta name=\"twitter:label1\" content=\"Written by\" \/>\n\t<meta name=\"twitter:data1\" content=\"luc\" \/>\n<script type=\"application\/ld+json\" class=\"yoast-schema-graph\">{\"@context\":\"https:\\\/\\\/schema.org\",\"@graph\":[{\"@type\":\"WebPage\",\"@id\":\"https:\\\/\\\/www.aspiravi.com\\\/es\\\/22250\\\/\",\"url\":\"https:\\\/\\\/www.aspiravi.com\\\/es\\\/22250\\\/\",\"name\":\"Entrevista con el Director General Rik Van de Walle en el peri\u00f3dico de fin de semana De Tijd | Aspiravi\",\"isPartOf\":{\"@id\":\"https:\\\/\\\/www.aspiravi.com\\\/es\\\/#website\"},\"primaryImageOfPage\":{\"@id\":\"https:\\\/\\\/www.aspiravi.com\\\/es\\\/22250\\\/#primaryimage\"},\"image\":{\"@id\":\"https:\\\/\\\/www.aspiravi.com\\\/es\\\/22250\\\/#primaryimage\"},\"thumbnailUrl\":\"https:\\\/\\\/www.aspiravi.com\\\/wp-content\\\/uploads\\\/2023\\\/12\\\/artikeel_de_tijd.jpg\",\"datePublished\":\"2023-10-11T15:02:29+00:00\",\"dateModified\":\"2024-01-10T20:27:56+00:00\",\"description\":\"Aspiravi, con sede en Harelbeek y a la sombra de los gigantes de la energ\u00eda es un actor importante de la energ\u00eda verde, as\u00ed como en una m\u00e1quina de beneficios que ya ha pagado 124 millones de euros a los accionistas municipales. Para continuar su crecimiento, su Consejero Delegado, Rik Van de Walle, tiene en el punto de mira grandes parques e\u00f3licos en Bosnia e instalaciones fotovoltaicas en vi\u00f1edos franceses.\u00a0\",\"breadcrumb\":{\"@id\":\"https:\\\/\\\/www.aspiravi.com\\\/es\\\/22250\\\/#breadcrumb\"},\"inLanguage\":\"es-ES\",\"potentialAction\":[{\"@type\":\"ReadAction\",\"target\":[\"https:\\\/\\\/www.aspiravi.com\\\/es\\\/22250\\\/\"]}]},{\"@type\":\"ImageObject\",\"inLanguage\":\"es-ES\",\"@id\":\"https:\\\/\\\/www.aspiravi.com\\\/es\\\/22250\\\/#primaryimage\",\"url\":\"https:\\\/\\\/www.aspiravi.com\\\/wp-content\\\/uploads\\\/2023\\\/12\\\/artikeel_de_tijd.jpg\",\"contentUrl\":\"https:\\\/\\\/www.aspiravi.com\\\/wp-content\\\/uploads\\\/2023\\\/12\\\/artikeel_de_tijd.jpg\",\"width\":705,\"height\":595},{\"@type\":\"BreadcrumbList\",\"@id\":\"https:\\\/\\\/www.aspiravi.com\\\/es\\\/22250\\\/#breadcrumb\",\"itemListElement\":[{\"@type\":\"ListItem\",\"position\":1,\"name\":\"Home\",\"item\":\"https:\\\/\\\/www.aspiravi.com\\\/es\\\/\"},{\"@type\":\"ListItem\",\"position\":2,\"name\":\"Entrevista con el Director General Rik Van de Walle en el peri\u00f3dico de fin de semana De Tijd\"}]},{\"@type\":\"WebSite\",\"@id\":\"https:\\\/\\\/www.aspiravi.com\\\/es\\\/#website\",\"url\":\"https:\\\/\\\/www.aspiravi.com\\\/es\\\/\",\"name\":\"Aspiravi\",\"description\":\"Jouw partner in 100% hernieuwbare energie\",\"publisher\":{\"@id\":\"https:\\\/\\\/www.aspiravi.com\\\/es\\\/#organization\"},\"potentialAction\":[{\"@type\":\"SearchAction\",\"target\":{\"@type\":\"EntryPoint\",\"urlTemplate\":\"https:\\\/\\\/www.aspiravi.com\\\/es\\\/?s={search_term_string}\"},\"query-input\":{\"@type\":\"PropertyValueSpecification\",\"valueRequired\":true,\"valueName\":\"search_term_string\"}}],\"inLanguage\":\"es-ES\"},{\"@type\":\"Organization\",\"@id\":\"https:\\\/\\\/www.aspiravi.com\\\/es\\\/#organization\",\"name\":\"Aspiravi\",\"url\":\"https:\\\/\\\/www.aspiravi.com\\\/es\\\/\",\"logo\":{\"@type\":\"ImageObject\",\"inLanguage\":\"es-ES\",\"@id\":\"https:\\\/\\\/www.aspiravi.com\\\/es\\\/#\\\/schema\\\/logo\\\/image\\\/\",\"url\":\"https:\\\/\\\/www.aspiravi.com\\\/wp-content\\\/uploads\\\/2023\\\/08\\\/logo-aspiravi.svg\",\"contentUrl\":\"https:\\\/\\\/www.aspiravi.com\\\/wp-content\\\/uploads\\\/2023\\\/08\\\/logo-aspiravi.svg\",\"width\":1,\"height\":1,\"caption\":\"Aspiravi\"},\"image\":{\"@id\":\"https:\\\/\\\/www.aspiravi.com\\\/es\\\/#\\\/schema\\\/logo\\\/image\\\/\"},\"sameAs\":[\"https:\\\/\\\/www.linkedin.com\\\/company\\\/aspiravi\\\/\",\"https:\\\/\\\/www.instagram.com\\\/aspiravi.be\\\/\"]}]}<\/script>\n<!-- \/ Yoast SEO plugin. -->","yoast_head_json":{"title":"Entrevista con el Director General Rik Van de Walle en el peri\u00f3dico de fin de semana De Tijd | Aspiravi","description":"Aspiravi, con sede en Harelbeek y a la sombra de los gigantes de la energ\u00eda es un actor importante de la energ\u00eda verde, as\u00ed como en una m\u00e1quina de beneficios que ya ha pagado 124 millones de euros a los accionistas municipales. Para continuar su crecimiento, su Consejero Delegado, Rik Van de Walle, tiene en el punto de mira grandes parques e\u00f3licos en Bosnia e instalaciones fotovoltaicas en vi\u00f1edos franceses.\u00a0","robots":{"index":"index","follow":"follow","max-snippet":"max-snippet:-1","max-image-preview":"max-image-preview:large","max-video-preview":"max-video-preview:-1"},"canonical":"https:\/\/www.aspiravi.com\/es\/22250\/","og_locale":"es_ES","og_type":"article","og_title":"Entrevista con el Director General Rik Van de Walle en el peri\u00f3dico de fin de semana De Tijd | Aspiravi","og_description":"Aspiravi, con sede en Harelbeek y a la sombra de los gigantes de la energ\u00eda es un actor importante de la energ\u00eda verde, as\u00ed como en una m\u00e1quina de beneficios que ya ha pagado 124 millones de euros a los accionistas municipales. Para continuar su crecimiento, su Consejero Delegado, Rik Van de Walle, tiene en el punto de mira grandes parques e\u00f3licos en Bosnia e instalaciones fotovoltaicas en vi\u00f1edos franceses.\u00a0","og_url":"https:\/\/www.aspiravi.com\/es\/22250\/","og_site_name":"Aspiravi","article_published_time":"2023-10-11T15:02:29+00:00","article_modified_time":"2024-01-10T20:27:56+00:00","og_image":[{"width":705,"height":595,"url":"https:\/\/www.aspiravi.com\/wp-content\/uploads\/2023\/12\/artikeel_de_tijd.jpg","type":"image\/jpeg"}],"author":"luc","twitter_card":"summary_large_image","twitter_misc":{"Written by":"luc"},"schema":{"@context":"https:\/\/schema.org","@graph":[{"@type":"WebPage","@id":"https:\/\/www.aspiravi.com\/es\/22250\/","url":"https:\/\/www.aspiravi.com\/es\/22250\/","name":"Entrevista con el Director General Rik Van de Walle en el peri\u00f3dico de fin de semana De Tijd | Aspiravi","isPartOf":{"@id":"https:\/\/www.aspiravi.com\/es\/#website"},"primaryImageOfPage":{"@id":"https:\/\/www.aspiravi.com\/es\/22250\/#primaryimage"},"image":{"@id":"https:\/\/www.aspiravi.com\/es\/22250\/#primaryimage"},"thumbnailUrl":"https:\/\/www.aspiravi.com\/wp-content\/uploads\/2023\/12\/artikeel_de_tijd.jpg","datePublished":"2023-10-11T15:02:29+00:00","dateModified":"2024-01-10T20:27:56+00:00","description":"Aspiravi, con sede en Harelbeek y a la sombra de los gigantes de la energ\u00eda es un actor importante de la energ\u00eda verde, as\u00ed como en una m\u00e1quina de beneficios que ya ha pagado 124 millones de euros a los accionistas municipales. Para continuar su crecimiento, su Consejero Delegado, Rik Van de Walle, tiene en el punto de mira grandes parques e\u00f3licos en Bosnia e instalaciones fotovoltaicas en vi\u00f1edos franceses.\u00a0","breadcrumb":{"@id":"https:\/\/www.aspiravi.com\/es\/22250\/#breadcrumb"},"inLanguage":"es-ES","potentialAction":[{"@type":"ReadAction","target":["https:\/\/www.aspiravi.com\/es\/22250\/"]}]},{"@type":"ImageObject","inLanguage":"es-ES","@id":"https:\/\/www.aspiravi.com\/es\/22250\/#primaryimage","url":"https:\/\/www.aspiravi.com\/wp-content\/uploads\/2023\/12\/artikeel_de_tijd.jpg","contentUrl":"https:\/\/www.aspiravi.com\/wp-content\/uploads\/2023\/12\/artikeel_de_tijd.jpg","width":705,"height":595},{"@type":"BreadcrumbList","@id":"https:\/\/www.aspiravi.com\/es\/22250\/#breadcrumb","itemListElement":[{"@type":"ListItem","position":1,"name":"Home","item":"https:\/\/www.aspiravi.com\/es\/"},{"@type":"ListItem","position":2,"name":"Entrevista con el Director General Rik Van de Walle en el peri\u00f3dico de fin de semana De Tijd"}]},{"@type":"WebSite","@id":"https:\/\/www.aspiravi.com\/es\/#website","url":"https:\/\/www.aspiravi.com\/es\/","name":"Aspiravi","description":"Jouw partner in 100% hernieuwbare energie","publisher":{"@id":"https:\/\/www.aspiravi.com\/es\/#organization"},"potentialAction":[{"@type":"SearchAction","target":{"@type":"EntryPoint","urlTemplate":"https:\/\/www.aspiravi.com\/es\/?s={search_term_string}"},"query-input":{"@type":"PropertyValueSpecification","valueRequired":true,"valueName":"search_term_string"}}],"inLanguage":"es-ES"},{"@type":"Organization","@id":"https:\/\/www.aspiravi.com\/es\/#organization","name":"Aspiravi","url":"https:\/\/www.aspiravi.com\/es\/","logo":{"@type":"ImageObject","inLanguage":"es-ES","@id":"https:\/\/www.aspiravi.com\/es\/#\/schema\/logo\/image\/","url":"https:\/\/www.aspiravi.com\/wp-content\/uploads\/2023\/08\/logo-aspiravi.svg","contentUrl":"https:\/\/www.aspiravi.com\/wp-content\/uploads\/2023\/08\/logo-aspiravi.svg","width":1,"height":1,"caption":"Aspiravi"},"image":{"@id":"https:\/\/www.aspiravi.com\/es\/#\/schema\/logo\/image\/"},"sameAs":["https:\/\/www.linkedin.com\/company\/aspiravi\/","https:\/\/www.instagram.com\/aspiravi.be\/"]}]}},"_links":{"self":[{"href":"https:\/\/www.aspiravi.com\/es\/wp-json\/wp\/v2\/posts\/22250","targetHints":{"allow":["GET"]}}],"collection":[{"href":"https:\/\/www.aspiravi.com\/es\/wp-json\/wp\/v2\/posts"}],"about":[{"href":"https:\/\/www.aspiravi.com\/es\/wp-json\/wp\/v2\/types\/post"}],"author":[{"embeddable":true,"href":"https:\/\/www.aspiravi.com\/es\/wp-json\/wp\/v2\/users\/3"}],"replies":[{"embeddable":true,"href":"https:\/\/www.aspiravi.com\/es\/wp-json\/wp\/v2\/comments?post=22250"}],"version-history":[{"count":0,"href":"https:\/\/www.aspiravi.com\/es\/wp-json\/wp\/v2\/posts\/22250\/revisions"}],"wp:featuredmedia":[{"embeddable":true,"href":"https:\/\/www.aspiravi.com\/es\/wp-json\/wp\/v2\/media\/14493"}],"wp:attachment":[{"href":"https:\/\/www.aspiravi.com\/es\/wp-json\/wp\/v2\/media?parent=22250"}],"curies":[{"name":"wp","href":"https:\/\/api.w.org\/{rel}","templated":true}]}}